[{"@context":"https:\/\/schema.org\/","@type":"Article","@id":"https:\/\/www.codalan.cz\/kdyz-brexit-odejde\/#Article","mainEntityOfPage":"https:\/\/www.codalan.cz\/kdyz-brexit-odejde\/","headline":"Kdy\u017e Brexit odejde","name":"Kdy\u017e Brexit odejde","description":"I kdy\u017e za\u017e\u00edv\u00e1 Britsk\u00e9 hospod\u00e1\u0159stv\u00ed \u00faplnou oblevu a neust\u00e1le se zmen\u0161uje nezam\u011bstnanost, je\u017e je nyn\u00ed na rekordn\u00edch 4,6 procentech, nedok\u00e1\u017ee &hellip; ","datePublished":"2017-02-21","dateModified":"2023-05-05","author":{"@type":"Person","@id":"https:\/\/www.codalan.cz\/author\/#Person","name":"codalan.cz\n","url":"https:\/\/www.codalan.cz\/author\/","identifier":1,"image":{"@type":"ImageObject","@id":"https:\/\/secure.gravatar.com\/avatar\/75822ebcb33f26a58f54da5d813b950f2ea435f36540e293975e215a51d4a023?s=96&d=mm&r=g","url":"https:\/\/secure.gravatar.com\/avatar\/75822ebcb33f26a58f54da5d813b950f2ea435f36540e293975e215a51d4a023?s=96&d=mm&r=g","height":96,"width":96}},"publisher":{"@type":"Organization","name":"codalan.cz","logo":{"@type":"ImageObject","@id":"\/logo.png","url":"\/logo.png","width":600,"height":60}},"image":{"@type":"ImageObject","@id":"https:\/\/codalan.cz\/wp-content\/uploads\/img_a308115_w2316_t1519244381.jpg","url":"https:\/\/codalan.cz\/wp-content\/uploads\/img_a308115_w2316_t1519244381.jpg","height":"","width":""},"url":"https:\/\/www.codalan.cz\/kdyz-brexit-odejde\/","about":["Neza\u0159azen\u00e9"],"wordCount":412,"articleBody":"I kdy\u017e za\u017e\u00edv\u00e1 Britsk\u00e9 hospod\u00e1\u0159stv\u00ed \u00faplnou oblevu a neust\u00e1le se zmen\u0161uje nezam\u011bstnanost, je\u017e je nyn\u00ed na rekordn\u00edch 4,6 procentech, nedok\u00e1\u017ee dr\u017eet krok se sv\u00fdm ekonomick\u00fdm r\u016fstem 1,8 % krok ani s&nbsp;Trumpovou Amerikou a ani s&nbsp;Evropou, kter\u00e1 roste o 0,7 procenta v\u00edce.&nbsp;\tLibra na tom nen\u00ed o moc l\u00e9peI kdy\u017e mo\u017en\u00e1 n\u00edzk\u00fd kurz libry m\u016f\u017ee p\u0159il\u00e1kat zahrani\u010dn\u00ed podnikatele, sp\u00ed\u0161e to vypad\u00e1, \u017ee libra na tom bude snad je\u0161t\u011b h\u016f\u0159 ne\u017e jej\u00ed &bdquo;u\u017eivatel\u00e9&ldquo;. \u010cty\u0159i z&nbsp;p\u011bti pracovn\u00edk\u016f v&nbsp;Brit\u00e1nii se ob\u00e1v\u00e1, \u017ee na n\u011b inflace ude\u0159\u00ed tvrd\u011bji a tvrd\u011bji, u\u017e jen kv\u016fli tomu, \u017ee britsk\u00e1 m\u011bna nedok\u00e1\u017ee dr\u017eet krok s&nbsp;3 % inflac\u00ed, i kdy\u017e celosv\u011btov\u00fd r\u016fst zna\u010dn\u011b pom\u00e1h\u00e1 dr\u017eet se nad vodou. A takov\u00e1 situace bude panovat a\u017e do roku 2025, tedy alespo\u0148 dle nejnov\u011bj\u0161\u00edch anal\u00fdz. Je tak\u00e9 pravda, \u017ee i neo\u010dek\u00e1v\u00e1n\u00fd r\u016fst ekonomiky tento rok pro ohl\u00e1\u0161en\u00ed Brexitu p\u0159ekvapil, jedn\u00e1 se sp\u00ed\u0161e o ojedin\u011bl\u00fd jev, kter\u00fd brzy pomine. Hlavn\u011b obyvatel\u00e9 poc\u00edt\u00ed nemilosrdnost sv\u00fdch rozhodnut\u00ed p\u0159i ka\u017edodenn\u00edm n\u00e1kupu, kter\u00fd je bude st\u00e1t \u010d\u00edm d\u00e1l v\u00edc a v\u00edc, nebo\u0165 britsk\u00e9 mzdy nedok\u00e1\u017e\u00ed dr\u017eet krok s&nbsp;nezvykl\u00fdm n\u00e1r\u016fstem cen, kter\u00fd zap\u0159\u00ed\u010dinilo budouc\u00ed vystoupen\u00ed z&nbsp;Evropsk\u00e9 unie.\tKdo Brexit poc\u00edt\u00ed nejv\u00edceJsou to hlavn\u011b spole\u010dnosti, kter\u00e9 jsou cel\u00e9 nebo maj\u00ed \u010d\u00e1st v&nbsp;zahrani\u010d\u00ed. Nen\u00ed to ani tak ot\u00e1zka firem jako sp\u00ed\u0161e pracovn\u00edk\u016f, nebo\u0165 je zn\u00e1mo, \u017ee velk\u00e1 v\u011bt\u0161ina pracovn\u00ed s\u00edly poch\u00e1z\u00ed ze \u010dlensk\u00fdch st\u00e1t\u016f EU a tak\u00e9 ze zahrani\u010d\u00ed a Brexit ur\u010dit\u011b zam\u00e1v\u00e1 i s&nbsp;t\u00edmto demografick\u00fdm prvkem. Zas\u00e1hne to i takov\u00e9 odv\u011btv\u00ed jako je zdravotnictv\u00ed, kde cel\u00fdch 6 % l\u00e9ka\u0159\u016f poch\u00e1z\u00ed z&nbsp;EU a 7 % person\u00e1lu. Velk\u00fd probl\u00e9m to tak\u00e9 bude p\u0159edstavovat pro spoustu britsk\u00fdch farem, kter\u00e9 si naj\u00edmaj\u00ed sez\u00f3nn\u00ed pracovn\u00edky z&nbsp;cel\u00e9 Evropy, pro ty bude st\u00e1le t\u011b\u017e\u0161\u00ed sehnat cizineck\u00e9 opr\u00e1vn\u011bn\u00ed a hlavn\u011b se to cel\u00e9 prodra\u017e\u00ed, tak\u017ee osl\u00e1bne d\u00e1le nejen libra, ale tak\u00e9 se zv\u00fd\u0161\u00ed ceny tuzemsk\u00e9ho zbo\u017e\u00ed kv\u016fli nedostatku pracovn\u00ed s\u00edly.                                                                                                                                                                                                                                                                                                                                                                                        4.2\/5 - (6 votes)        "},{"@context":"https:\/\/schema.org\/","@type":"BreadcrumbList","itemListElement":[{"@type":"ListItem","position":1,"name":"Kdy\u017e Brexit odejde","item":"https:\/\/www.codalan.cz\/kdyz-brexit-odejde\/#breadcrumbitem"}]}]