[{"@context":"https:\/\/schema.org\/","@type":"Article","@id":"https:\/\/www.codalan.cz\/pece-o-plet-v-zime\/#Article","mainEntityOfPage":"https:\/\/www.codalan.cz\/pece-o-plet-v-zime\/","headline":"P\u00e9\u010de o ple\u0165 v zim\u011b","name":"P\u00e9\u010de o ple\u0165 v zim\u011b","description":"&middot;&nbsp;&nbsp;&nbsp;&nbsp;&nbsp;&nbsp;&nbsp;&nbsp; O svou ple\u0165 bychom se m\u011bli samoz\u0159ejm\u011b starat po cel\u00fd rok, ale v&nbsp;zim\u011b na\u0161i p\u00e9\u010di vy\u017eaduje dvojn\u00e1sob, nebo\u0165 such\u00fd &hellip; ","datePublished":"2016-11-24","dateModified":"2023-05-05","author":{"@type":"Person","@id":"https:\/\/www.codalan.cz\/author\/#Person","name":"codalan.cz\n","url":"https:\/\/www.codalan.cz\/author\/","identifier":1,"image":{"@type":"ImageObject","@id":"https:\/\/secure.gravatar.com\/avatar\/75822ebcb33f26a58f54da5d813b950f2ea435f36540e293975e215a51d4a023?s=96&d=mm&r=g","url":"https:\/\/secure.gravatar.com\/avatar\/75822ebcb33f26a58f54da5d813b950f2ea435f36540e293975e215a51d4a023?s=96&d=mm&r=g","height":96,"width":96}},"publisher":{"@type":"Organization","name":"codalan.cz","logo":{"@type":"ImageObject","@id":"\/logo.png","url":"\/logo.png","width":600,"height":60}},"image":{"@type":"ImageObject","@id":"https:\/\/codalan.cz\/wp-content\/uploads\/img_a301474_w2316_t1511558132.jpg","url":"https:\/\/codalan.cz\/wp-content\/uploads\/img_a301474_w2316_t1511558132.jpg","height":"","width":""},"url":"https:\/\/www.codalan.cz\/pece-o-plet-v-zime\/","about":["Neza\u0159azen\u00e9"],"wordCount":498,"articleBody":"&middot;&nbsp;&nbsp;&nbsp;&nbsp;&nbsp;&nbsp;&nbsp;&nbsp; O svou ple\u0165 bychom se m\u011bli samoz\u0159ejm\u011b starat po cel\u00fd rok, ale v&nbsp;zim\u011b na\u0161i p\u00e9\u010di vy\u017eaduje dvojn\u00e1sob, nebo\u0165 such\u00fd a mraziv\u00fd vzduch ji p\u0159\u00edli\u0161 nesv\u011bd\u010d\u00ed. Ple\u0165 se st\u00e1v\u00e1 k\u0159eh\u010d\u00ed, ztr\u00e1c\u00ed svou p\u0159irozenou elasticitu a mohou se objevit \u010derven\u00e9 roz\u0161\u00ed\u0159en\u00e9 \u017eilky.&nbsp; Na co bychom se tedy prim\u00e1rn\u011b m\u011bli zam\u011b\u0159it? Na n\u00e1kup p\u0159\u00edpravk\u016f, kter\u00e9 pleti zajist\u00ed dostate\u010dnou ochranu p\u0159ed mrazem a zm\u011bnami teplot a d\u00e1le dostate\u010dnou hydrataci. V&nbsp;zim\u011b m\u00e1me v\u011bt\u0161inou ni\u017e\u0161\u00ed spot\u0159ebu tekutin ne\u017e je tomu v&nbsp;l\u00e9t\u011b, p\u0159esto pr\u00e1v\u011b dostate\u010dn\u00fd pitn\u00fd re\u017eim Va\u0161\u00ed pleti v&nbsp;zim\u011b pom\u016f\u017ee. Nezapom\u00ednejte na n\u011bj!&nbsp;&middot;&nbsp;&nbsp;&nbsp;&nbsp;&nbsp;&nbsp;&nbsp;&nbsp; D\u00e1le bychom nem\u011bli zapom\u00ednat na ochranu p\u0159ed UV z\u00e1\u0159en\u00edm, a to p\u0159edev\u0161\u00edm p\u0159i pobytu na hor\u00e1ch, kde pokud m\u00e1me \u0161t\u011bst\u00ed, z\u00e1\u0159\u00ed ostr\u00e9 Slunce a m\u016f\u017eeme se v&nbsp;obli\u010deji sp\u00e1lit podobn\u011b jako v l\u00e9t\u011b. Pou\u017eijte kr\u00e9m s&nbsp;ochrann\u00fdmi UV filtry (SPF alespo\u0148 15). Dobrou volbou m\u016f\u017ee b\u00fdt i kvalitn\u00ed hydrata\u010dn\u00ed make-up. Ten by nem\u011bl obsahovat pudr, proto\u017ee ten ple\u0165 zbyte\u010dn\u011b vysou\u0161\u00ed. P\u0159\u00edpravky ale samoz\u0159ejm\u011b volte s&nbsp;ohledem na kvalitu Va\u0161\u00ed pleti a Va\u0161e st\u00e1\u0159\u00ed.&nbsp;&middot;&nbsp;&nbsp;&nbsp;&nbsp;&nbsp;&nbsp;&nbsp;&nbsp; Va\u0161e rty ocen\u00ed, pokud jim budete v\u011bnovat podobnou p\u00e9\u010di jako pleti. Na trhu existuje cel\u00e1 \u0159ada kvalitn\u00edch ty\u010dinek, balz\u00e1m\u016f a dal\u0161\u00edch p\u0159\u00edpravk\u016f, kter\u00e9 jsou ur\u010deny k ochran\u011b a hydrataci rt\u016f. Je dobr\u00e9 m\u00edt v\u017edy n\u011bjak\u00fd z&nbsp;t\u011bchto p\u0159\u00edpravk\u016f v&nbsp;kabelce \u010di kapse kab\u00e1tu. Obstarejte jeden i Va\u0161im partner\u016fm, v&nbsp;zim\u011b jej ur\u010dit\u011b ocen\u00ed. A vy vlastn\u011b tak\u00e9.&nbsp;&middot;&nbsp;&nbsp;&nbsp;&nbsp;&nbsp;&nbsp;&nbsp;&nbsp; V\u011bt\u0161ina z&nbsp;n\u00e1s chod\u00ed v&nbsp;zim\u011b zahalen\u00e1 tzv. od hlavy a\u017e pat\u011b, ale ochranu p\u0159ed zimou si zaslou\u017e\u00ed i Va\u0161e ruce. N\u011bkolikr\u00e1t za den je nama\u017ete kr\u00e9mem, v&nbsp;ide\u00e1ln\u00edm p\u0159\u00edpad\u011b zvolte takov\u00fd, kter\u00fd je ur\u010den k&nbsp;p\u00e9\u010di o ruce v&nbsp;zim\u011b. Samoz\u0159ejmost\u00ed by m\u011blo b\u00fdt no\u0161en\u00ed rukavic. Jen tak se vyhnete zmrzl\u00fdm, popraskan\u00fdm ruk\u00e1m. Pokud se V\u00e1m tvo\u0159\u00ed na ruk\u00e1ch prasklinky svou p\u00e9\u010di o ruce je\u0161t\u011b zintenzivn\u011bte. Nama\u017ete je na noc vazel\u00ednou a zabalte do bavln\u011bn\u00fdch rukavic, nechte si ud\u011blat z\u00e1bal rukou u manik\u00e9rky nebo si doma sama vytvo\u0159te nap\u0159. medovou l\u00e1ze\u0148 (med + oh\u0159\u00e1t\u00e9 ml\u00e9ko), do kter\u00e9 ruce na chv\u00edli pono\u0159\u00edte.                                                                                                                                                                                                                                                                                                                                                                                        4.1\/5 - (9 votes)        "},{"@context":"https:\/\/schema.org\/","@type":"BreadcrumbList","itemListElement":[{"@type":"ListItem","position":1,"name":"P\u00e9\u010de o ple\u0165 v zim\u011b","item":"https:\/\/www.codalan.cz\/pece-o-plet-v-zime\/#breadcrumbitem"}]}]